{"id":531,"date":"2025-02-19T06:09:56","date_gmt":"2025-02-19T06:09:56","guid":{"rendered":"https:\/\/ekobustai.lt\/index.php\/2025\/02\/19\/parduodama-prabangi-krantines-vila-cala-di-volpe-costa-smeralda\/"},"modified":"2025-02-19T06:09:56","modified_gmt":"2025-02-19T06:09:56","slug":"parduodama-prabangi-krantines-vila-cala-di-volpe-costa-smeralda","status":"publish","type":"post","link":"https:\/\/ekobustai.lt\/index.php\/2025\/02\/19\/parduodama-prabangi-krantines-vila-cala-di-volpe-costa-smeralda\/","title":{"rendered":"Parduodama prabangi krantin\u0117s vila \u201eCala Di Volpe\u201c, \u201eCosta Smeralda\u201c"},"content":{"rendered":"<p> <br \/>\n<\/p>\n<div>\n<p>\u0160i\u0105 savait\u0119 Erene mes pristatome stulbinant\u012f <strong>\u201eVilla Cala Di Volpe\u201c<\/strong>pakrant\u0117s perlas, esantis priva\u010diame 6000 m\u00b2 pusiasalyje, i\u0161 kurio atsiveria vaizdas \u012f kri\u0161tolo skaidrius vandenis <strong>\u201eCala di Volpe Bay\u201c<\/strong>. Vos per \u017eingsnis nuo ikonin\u0117s <strong>\u201eCala di Volpe\u201c vie\u0161butis<\/strong> ir <strong>Uostas<\/strong>\u0160i vila si\u016blo prabang\u0105 ir ramyb\u0119 vienoje geid\u017eiamiausi\u0173 viet\u0173 pasaulyje.<\/p>\n<p>Tur\u0117damas daugiau nei 200 metr\u0173 privataus kranto, nuosavyb\u0117 apima dvi i\u0161skirtines \u012flankas ir priva\u010di\u0105 dok\u0105, puikiai tinkant\u012f tyrin\u0117ti pasl\u0117ptas \u012flankos <strong>Kosta Smeralda<\/strong>.<\/p>\n<div id=\"ez-toc-container\" class=\"ez-toc-v2_0_82_2 counter-hierarchy ez-toc-counter ez-toc-grey ez-toc-container-direction\">\n<div class=\"ez-toc-title-container\">\n<p class=\"ez-toc-title\" style=\"cursor:inherit\">Turinys:<\/p>\n<span class=\"ez-toc-title-toggle\"><a href=\"#\" class=\"ez-toc-pull-right ez-toc-btn ez-toc-btn-xs ez-toc-btn-default ez-toc-toggle\" aria-label=\"Toggle Table of Content\"><span class=\"ez-toc-js-icon-con\"><span class=\"\"><span class=\"eztoc-hide\" style=\"display:none;\">Toggle<\/span><span class=\"ez-toc-icon-toggle-span\"><svg style=\"fill: #999;color:#999\" xmlns=\"http:\/\/www.w3.org\/2000\/svg\" class=\"list-377408\" width=\"20px\" height=\"20px\" viewBox=\"0 0 24 24\" fill=\"none\"><path d=\"M6 6H4v2h2V6zm14 0H8v2h12V6zM4 11h2v2H4v-2zm16 0H8v2h12v-2zM4 16h2v2H4v-2zm16 0H8v2h12v-2z\" fill=\"currentColor\"><\/path><\/svg><svg style=\"fill: #999;color:#999\" class=\"arrow-unsorted-368013\" xmlns=\"http:\/\/www.w3.org\/2000\/svg\" width=\"10px\" height=\"10px\" viewBox=\"0 0 24 24\" version=\"1.2\" baseProfile=\"tiny\"><path d=\"M18.2 9.3l-6.2-6.3-6.2 6.3c-.2.2-.3.4-.3.7s.1.5.3.7c.2.2.4.3.7.3h11c.3 0 .5-.1.7-.3.2-.2.3-.5.3-.7s-.1-.5-.3-.7zM5.8 14.7l6.2 6.3 6.2-6.3c.2-.2.3-.5.3-.7s-.1-.5-.3-.7c-.2-.2-.4-.3-.7-.3h-11c-.3 0-.5.1-.7.3-.2.2-.3.5-.3.7s.1.5.3.7z\"\/><\/svg><\/span><\/span><\/span><\/a><\/span><\/div>\n<nav><ul class='ez-toc-list ez-toc-list-level-1 ' ><li class='ez-toc-page-1 ez-toc-heading-level-3'><a class=\"ez-toc-link ez-toc-heading-1\" href=\"https:\/\/ekobustai.lt\/index.php\/2025\/02\/19\/parduodama-prabangi-krantines-vila-cala-di-volpe-costa-smeralda\/#Istorija_ir_elegancija\" >Istorija ir elegancija<\/a><\/li><li class='ez-toc-page-1 ez-toc-heading-level-3'><a class=\"ez-toc-link ez-toc-heading-2\" href=\"https:\/\/ekobustai.lt\/index.php\/2025\/02\/19\/parduodama-prabangi-krantines-vila-cala-di-volpe-costa-smeralda\/#Vidurzemio_juros_sodai_ir_tiesiogine_prieiga_prie_juros\" >Vidur\u017eemio j\u016bros sodai ir tiesiogin\u0117 prieiga prie j\u016bros<\/a><\/li><li class='ez-toc-page-1 ez-toc-heading-level-3'><a class=\"ez-toc-link ez-toc-heading-3\" href=\"https:\/\/ekobustai.lt\/index.php\/2025\/02\/19\/parduodama-prabangi-krantines-vila-cala-di-volpe-costa-smeralda\/#Neprilygstama_paskirtis\" >Neprilygstama paskirtis<\/a><\/li><\/ul><\/nav><\/div>\n<h3 class=\"wp-block-heading\"><span class=\"ez-toc-section\" id=\"Istorija_ir_elegancija\"><\/span>Istorija ir elegancija<span class=\"ez-toc-section-end\"><\/span><\/h3>\n<p>Septintajame de\u0161imtmetyje pastatytas garsus ital\u0173 architektas, <strong>\u201eVilla Cala Di Volpe\u201c<\/strong> Gra\u017eiai sumai\u0161o nat\u016bralias med\u017eiagas, tokias kaip mediena, akmuo ir tinkuotas. Auk\u0161tos lubos ir dideli langai skland\u017eiai integruoja aplinkinius gamtos ir j\u016bros vaizdus su vidaus erdv\u0117mis.<\/p>\n<p>Viloje yra svetain\u0117, kuri atidaroma ant terasos ir sodo, erdvus valgomasis ir keli miegamieji, skirti maksimaliai komfortui. \u201eMaster Suite\u201c yra su vonios kambariu, o trys papildomi miegamieji suteikia daug vietos sve\u010diams ar darbuotojams.<\/p>\n<h3 class=\"wp-block-heading\"><span class=\"ez-toc-section\" id=\"Vidurzemio_juros_sodai_ir_tiesiogine_prieiga_prie_juros\"><\/span>Vidur\u017eemio j\u016bros sodai ir tiesiogin\u0117 prieiga prie j\u016bros<span class=\"ez-toc-section-end\"><\/span><\/h3>\n<p>Vil\u0105 supa ve\u0161lus Vidur\u017eemio j\u016bros sodas, u\u017etikrinantis visi\u0161k\u0105 privatum\u0105. Kra\u0161tovaizdis susilieja su pakrant\u0117s linija, kur dvi priva\u010dios \u012flankos ir dokas si\u016blo tiesiogiai patekti \u012f j\u016br\u0105.<\/p>\n<h3 class=\"wp-block-heading\"><span class=\"ez-toc-section\" id=\"Neprilygstama_paskirtis\"><\/span>Neprilygstama paskirtis<span class=\"ez-toc-section-end\"><\/span><\/h3>\n<p>\u012esik\u016br\u0119s i\u0161skirtiniame <strong>Kosta Smeralda<\/strong>Vila yra vos kelios minut\u0117s <strong>Uostas<\/strong>prabangos ir stiliaus centras ir arti garsaus <strong>\u201ePevero\u201c golfo klubas<\/strong>. <strong>Olbijos tarptautinis oro uostas<\/strong> Taip pat lengvai pasiekiama, si\u016blanti skland\u0173 prieig\u0105 prie \u0161ios svajoni\u0173 nuosavyb\u0117s.<\/p>\n<p><strong>\u201eVilla Cala Di Volpe\u201c<\/strong> yra tobulas atsitraukimas tiems, kurie siekia ramyb\u0117s, gamtos ir prabangos.<\/p>\n<p><em>Su\u017einokite daugiau apie \u0161\u012f i\u0161skirtin\u012f turt\u0105 m\u016bs\u0173 svetain\u0117je.<\/em><\/p>\n<\/p><\/div>\n<p><br \/>\n<br \/><a href=\"https:\/\/www.europeanrealestate.org\/blog\/villa-cala-di-volpe-an-exclusive-retreat-on-the-costa-smeralda\/\">Source link <\/a><\/p>\n","protected":false},"excerpt":{"rendered":"<p>\u0160i\u0105 savait\u0119 Erene mes pristatome stulbinant\u012f \u201eVilla Cala Di Volpe\u201cpakrant\u0117s perlas, esantis priva\u010diame 6000 m\u00b2 pusiasalyje, i\u0161 kurio atsiveria vaizdas \u012f kri\u0161tolo skaidrius vandenis \u201eCala..<\/p>\n","protected":false},"author":1,"featured_media":532,"comment_status":"","ping_status":"","sticky":false,"template":"","format":"standard","meta":{"om_disable_all_campaigns":false,"_monsterinsights_skip_tracking":false,"_monsterinsights_sitenote_active":false,"_monsterinsights_sitenote_note":"","_monsterinsights_sitenote_category":0,"footnotes":""},"categories":[70],"tags":[1060,1007,1059,1058,989,1062,1024,1061],"class_list":["post-531","post","type-post","status-publish","format-standard","has-post-thumbnail","hentry","category-prabangus-nekilnojamas-turtas-europoje","tag-cala","tag-costa","tag-krantines","tag-parduodama","tag-prabangi","tag-smeralda","tag-vila","tag-volpe"],"aioseo_notices":[],"_links":{"self":[{"href":"https:\/\/ekobustai.lt\/index.php\/wp-json\/wp\/v2\/posts\/531","targetHints":{"allow":["GET"]}}],"collection":[{"href":"https:\/\/ekobustai.lt\/index.php\/wp-json\/wp\/v2\/posts"}],"about":[{"href":"https:\/\/ekobustai.lt\/index.php\/wp-json\/wp\/v2\/types\/post"}],"author":[{"embeddable":true,"href":"https:\/\/ekobustai.lt\/index.php\/wp-json\/wp\/v2\/users\/1"}],"replies":[{"embeddable":true,"href":"https:\/\/ekobustai.lt\/index.php\/wp-json\/wp\/v2\/comments?post=531"}],"version-history":[{"count":0,"href":"https:\/\/ekobustai.lt\/index.php\/wp-json\/wp\/v2\/posts\/531\/revisions"}],"wp:featuredmedia":[{"embeddable":true,"href":"https:\/\/ekobustai.lt\/index.php\/wp-json\/wp\/v2\/media\/532"}],"wp:attachment":[{"href":"https:\/\/ekobustai.lt\/index.php\/wp-json\/wp\/v2\/media?parent=531"}],"wp:term":[{"taxonomy":"category","embeddable":true,"href":"https:\/\/ekobustai.lt\/index.php\/wp-json\/wp\/v2\/categories?post=531"},{"taxonomy":"post_tag","embeddable":true,"href":"https:\/\/ekobustai.lt\/index.php\/wp-json\/wp\/v2\/tags?post=531"}],"curies":[{"name":"wp","href":"https:\/\/api.w.org\/{rel}","templated":true}]}}