{"id":600,"date":"2025-07-05T07:26:59","date_gmt":"2025-07-05T07:26:59","guid":{"rendered":"https:\/\/ekobustai.lt\/index.php\/2025\/07\/05\/vidurzemio-juros-vila-parduodama-javea-montgo-views-vineyards-privacy\/"},"modified":"2025-07-05T07:26:59","modified_gmt":"2025-07-05T07:26:59","slug":"vidurzemio-juros-vila-parduodama-javea-montgo-views-vineyards-privacy","status":"publish","type":"post","link":"https:\/\/ekobustai.lt\/index.php\/2025\/07\/05\/vidurzemio-juros-vila-parduodama-javea-montgo-views-vineyards-privacy\/","title":{"rendered":"Vidur\u017eemio j\u016bros vila parduodama J\u00e1vea &#8211; Montg\u00f3 Views, Vineyards &#038; Privacy"},"content":{"rendered":"<p><\/p>\n<div>\n<p>\u012esik\u016br\u0119s privilegijuotoje nat\u016bralioje aplinkoje, vos u\u017e 3 kilometr\u0173 nuo centro <strong>J\u00e1vea<\/strong>\u0160i nuostabi tradicinio stiliaus vila u\u017efiksuoja Vidur\u017eemio j\u016bros regiono gyvenimo esm\u0119. Tur\u0117damas 415 m\u00b2 plot\u0105 ir pastatytas ant ekspansinio ma\u017edaug 16 000 m\u00b2 sklypo, nuosavyb\u0117 susilieja su kaimi\u0161ku \u017eavesiu su \u0161iuolaiki\u0161kais patogumais vietoje, kuri u\u017etikrina privatum\u0105, ramyb\u0119 ir tiesiogin\u012f kontakt\u0105 su gamta.<\/p>\n<p>Atraskite \u010dia: <em>&#8222;Tradicinis Vidur\u017eemio j\u016bros regiono stiliaus dvaras Montg\u00f3 Valls rajone, J\u00e1vea.&#8221;<\/em><\/p>\n<div id=\"ez-toc-container\" class=\"ez-toc-v2_0_82_2 counter-hierarchy ez-toc-counter ez-toc-grey ez-toc-container-direction\">\n<div class=\"ez-toc-title-container\">\n<p class=\"ez-toc-title\" style=\"cursor:inherit\">Turinys:<\/p>\n<span class=\"ez-toc-title-toggle\"><a href=\"#\" class=\"ez-toc-pull-right ez-toc-btn ez-toc-btn-xs ez-toc-btn-default ez-toc-toggle\" aria-label=\"Toggle Table of Content\"><span class=\"ez-toc-js-icon-con\"><span class=\"\"><span class=\"eztoc-hide\" style=\"display:none;\">Toggle<\/span><span class=\"ez-toc-icon-toggle-span\"><svg style=\"fill: #999;color:#999\" xmlns=\"http:\/\/www.w3.org\/2000\/svg\" class=\"list-377408\" width=\"20px\" height=\"20px\" viewBox=\"0 0 24 24\" fill=\"none\"><path d=\"M6 6H4v2h2V6zm14 0H8v2h12V6zM4 11h2v2H4v-2zm16 0H8v2h12v-2zM4 16h2v2H4v-2zm16 0H8v2h12v-2z\" fill=\"currentColor\"><\/path><\/svg><svg style=\"fill: #999;color:#999\" class=\"arrow-unsorted-368013\" xmlns=\"http:\/\/www.w3.org\/2000\/svg\" width=\"10px\" height=\"10px\" viewBox=\"0 0 24 24\" version=\"1.2\" baseProfile=\"tiny\"><path d=\"M18.2 9.3l-6.2-6.3-6.2 6.3c-.2.2-.3.4-.3.7s.1.5.3.7c.2.2.4.3.7.3h11c.3 0 .5-.1.7-.3.2-.2.3-.5.3-.7s-.1-.5-.3-.7zM5.8 14.7l6.2 6.3 6.2-6.3c.2-.2.3-.5.3-.7s-.1-.5-.3-.7c-.2-.2-.4-.3-.7-.3h-11c-.3 0-.5.1-.7.3-.2.2-.3.5-.3.7s.1.5.3.7z\"\/><\/svg><\/span><\/span><\/span><\/a><\/span><\/div>\n<nav><ul class='ez-toc-list ez-toc-list-level-1 ' ><li class='ez-toc-page-1 ez-toc-heading-level-2'><a class=\"ez-toc-link ez-toc-heading-1\" href=\"https:\/\/ekobustai.lt\/index.php\/2025\/07\/05\/vidurzemio-juros-vila-parduodama-javea-montgo-views-vineyards-privacy\/#Architektura_su_siela_ir_tradicija\" >Architekt\u016bra su siela ir tradicija<\/a><\/li><li class='ez-toc-page-1 ez-toc-heading-level-2'><a class=\"ez-toc-link ez-toc-heading-2\" href=\"https:\/\/ekobustai.lt\/index.php\/2025\/07\/05\/vidurzemio-juros-vila-parduodama-javea-montgo-views-vineyards-privacy\/#Gamta_privatumas_ir_gyvenimas_lauke\" >Gamta, privatumas ir gyvenimas lauke<\/a><\/li><li class='ez-toc-page-1 ez-toc-heading-level-2'><a class=\"ez-toc-link ez-toc-heading-3\" href=\"https:\/\/ekobustai.lt\/index.php\/2025\/07\/05\/vidurzemio-juros-vila-parduodama-javea-montgo-views-vineyards-privacy\/#Sveciu_namai_papildomam_privatumui\" >Sve\u010di\u0173 namai papildomam privatumui<\/a><\/li><li class='ez-toc-page-1 ez-toc-heading-level-2'><a class=\"ez-toc-link ez-toc-heading-4\" href=\"https:\/\/ekobustai.lt\/index.php\/2025\/07\/05\/vidurzemio-juros-vila-parduodama-javea-montgo-views-vineyards-privacy\/#Pagrindine_vieta_%E2%80%9ECosta_Blanca%E2%80%9C\" >Pagrindin\u0117 vieta \u201eCosta Blanca\u201c<\/a><\/li><\/ul><\/nav><\/div>\n<h2 class=\"wp-block-heading\"><span class=\"ez-toc-section\" id=\"Architektura_su_siela_ir_tradicija\"><\/span>Architekt\u016bra su siela ir tradicija<span class=\"ez-toc-section-end\"><\/span><\/h2>\n<p>Nukreiptas \u012f pietus ir si\u016blo netrukdomus Montg\u00f3 vaizdus, <strong>Pagrindin\u0117 gyvenamoji vieta<\/strong> buvo apgalvotai sukurtas pagerbti tradicin\u0119 ispan\u0173 architekt\u016br\u0105. Terakotos grindys, med\u017eio masyvo durys ir sijos, o nat\u016brali\u0173 med\u017eiag\u0173 naudojimas sukuria \u0161ilt\u0105 ir sveting\u0105 atmosfer\u0105.<\/p>\n<p> <strong>Pagrindinis auk\u0161tas<\/strong> yra sutelktas \u012f eleganti\u0161k\u0105 valgom\u0105j\u012f su \u017eidiniu, visi\u0161kai \u012frengta kaimi\u0161ka virtuv\u0117, ry\u0161ki svetain\u0117, televizoriaus kambarys, du miegamieji su vonios kambariu ir papildomas holas, kuris gali b\u016bti tyrimas. Vir\u0161utiniame auk\u0161te yra dar vienas miegamasis su vonios kambariu, o pagrindinis apartamentas-erdvus kaimi\u0161ko stiliaus atsitraukimas su drabu\u017ei\u0173 spinta ir dideliu vonios kambariu.<\/p>\n<p> <strong>\u017eemesnis lygis<\/strong> Turi dosn\u0173 vyno r\u016bs\u012f, sand\u0117liuk\u0105, skalbimo kambar\u012f ir universali\u0105 didel\u0119 erdv\u0119. Namuose taip pat yra centrinis \u0161ildymas, oro kondicionierius ir automatin\u0117 dr\u0117kinimo sistema.<\/p>\n<h2 class=\"wp-block-heading\"><span class=\"ez-toc-section\" id=\"Gamta_privatumas_ir_gyvenimas_lauke\"><\/span>Gamta, privatumas ir gyvenimas lauke<span class=\"ez-toc-section-end\"><\/span><\/h2>\n<p>Vienas i\u0161 svarbiausi\u0173 \u0161ios vilos akcent\u0173 yra jos <strong>I\u0161skirtinis lauko nustatymas<\/strong>. Vynuogyn\u0173, alyvmed\u017ei\u0173, migdol\u0173, oran\u017eini\u0173 ir greipfrut\u0173 med\u017ei\u0173 apsuptyje, dvaras si\u016blo vis\u0105 Vidur\u017eemio j\u016bros regiono gyvenimo b\u016bd\u0105, panardint\u0105 \u012f gamt\u0105. Gra\u017eiai sutvarkytame sode yra didel\u0117 veja, vasaros virtuv\u0117 su kepsnin\u0117s zona ir 12 x 6 metr\u0173 \u0161ildomas s\u016braus vandens baseinas, i\u0161 kurio galima m\u0117gautis kvap\u0105 gniau\u017eian\u010diais kaln\u0173 vaizdais.<br \/>Visi\u0161kai aptvertame sklype taip pat yra privati \u200b\u200bva\u017eiuojamoji dalis, vedanti \u012f erdv\u0173 kiem\u0105, pergol\u0105 trims transporto priemon\u0117ms, didelei saugyklos ir savo vandens rezervuarui.<\/p>\n<h2 class=\"wp-block-heading\"><span class=\"ez-toc-section\" id=\"Sveciu_namai_papildomam_privatumui\"><\/span>Sve\u010di\u0173 namai papildomam privatumui<span class=\"ez-toc-section-end\"><\/span><\/h2>\n<p>Papildydamas pagrindin\u0119 gyvenam\u0105j\u0105 viet\u0105, turtas apima \u017eav\u0173j\u012f <strong>Nepriklausomi sve\u010di\u0173 namai<\/strong> su gyvenamajame kambaryje, kuriame yra \u017eidinys ir integruota virtuv\u0117, vienas miegamasis ir visas vonios kambarys &#8211; idealiai idealus \u0161eimai ar draugams, turintiems visi\u0161k\u0105 privatum\u0105.<\/p>\n<figure class=\"wp-block-image size-large\"><\/figure>\n<h2 class=\"wp-block-heading\"><span class=\"ez-toc-section\" id=\"Pagrindine_vieta_%E2%80%9ECosta_Blanca%E2%80%9C\"><\/span>Pagrindin\u0117 vieta \u201eCosta Blanca\u201c<span class=\"ez-toc-section-end\"><\/span><\/h2>\n<p>Be savo gro\u017eio ir nuo\u0161alumo, vila gali pasigirti <strong>neprilygstama vieta<\/strong>. Vos per trump\u0105 atstum\u0105 yra J\u00e1vea istorinis senamiestis, jo kri\u0161tolo skaidr\u016bs papl\u016bdimiai, pasl\u0117ptos \u012flankos ir saugomi gamtos parkai. \u0160ioje srityje taip pat si\u016bloma puiki laisvalaikio ir paslaug\u0173 infrastrukt\u016bra, \u012fskaitant golfo aik\u0161tynus, jojimo centrus, SPA vie\u0161bu\u010dius ir daugyb\u0119 vandens sporto \u0161ak\u0173 ir puiki\u0173 patiekal\u0173.<\/p>\n<\/p><\/div>\n<p><a href=\"https:\/\/www.europeanrealestate.org\/blog\/a-mediterranean-retreat-among-vineyards-and-mountains-with-montgo-views-in-javea-alicante\/\"> Nuoroda \u012f informacijos \u0161altin\u012f <\/a><\/p>\n","protected":false},"excerpt":{"rendered":"<p>\u012esik\u016br\u0119s privilegijuotoje nat\u016bralioje aplinkoje, vos u\u017e 3 kilometr\u0173 nuo centro J\u00e1vea\u0160i nuostabi tradicinio stiliaus vila u\u017efiksuoja Vidur\u017eemio j\u016bros regiono gyvenimo esm\u0119. Tur\u0117damas 415 m\u00b2 plot\u0105..<\/p>\n","protected":false},"author":1,"featured_media":601,"comment_status":"","ping_status":"","sticky":false,"template":"","format":"standard","meta":{"om_disable_all_campaigns":false,"_monsterinsights_skip_tracking":false,"_monsterinsights_sitenote_active":false,"_monsterinsights_sitenote_note":"","_monsterinsights_sitenote_category":0,"footnotes":""},"categories":[70],"tags":[1162,1127,1163,1058,1166,1126,1164,1024,1165],"class_list":["post-600","post","type-post","status-publish","format-standard","has-post-thumbnail","hentry","category-prabangus-nekilnojamas-turtas-europoje","tag-javea","tag-juros","tag-montgo","tag-parduodama","tag-privacy","tag-vidurzemio","tag-views","tag-vila","tag-vineyards"],"aioseo_notices":[],"_links":{"self":[{"href":"https:\/\/ekobustai.lt\/index.php\/wp-json\/wp\/v2\/posts\/600","targetHints":{"allow":["GET"]}}],"collection":[{"href":"https:\/\/ekobustai.lt\/index.php\/wp-json\/wp\/v2\/posts"}],"about":[{"href":"https:\/\/ekobustai.lt\/index.php\/wp-json\/wp\/v2\/types\/post"}],"author":[{"embeddable":true,"href":"https:\/\/ekobustai.lt\/index.php\/wp-json\/wp\/v2\/users\/1"}],"replies":[{"embeddable":true,"href":"https:\/\/ekobustai.lt\/index.php\/wp-json\/wp\/v2\/comments?post=600"}],"version-history":[{"count":0,"href":"https:\/\/ekobustai.lt\/index.php\/wp-json\/wp\/v2\/posts\/600\/revisions"}],"wp:featuredmedia":[{"embeddable":true,"href":"https:\/\/ekobustai.lt\/index.php\/wp-json\/wp\/v2\/media\/601"}],"wp:attachment":[{"href":"https:\/\/ekobustai.lt\/index.php\/wp-json\/wp\/v2\/media?parent=600"}],"wp:term":[{"taxonomy":"category","embeddable":true,"href":"https:\/\/ekobustai.lt\/index.php\/wp-json\/wp\/v2\/categories?post=600"},{"taxonomy":"post_tag","embeddable":true,"href":"https:\/\/ekobustai.lt\/index.php\/wp-json\/wp\/v2\/tags?post=600"}],"curies":[{"name":"wp","href":"https:\/\/api.w.org\/{rel}","templated":true}]}}