{"id":685,"date":"2026-03-17T12:01:08","date_gmt":"2026-03-17T12:01:08","guid":{"rendered":"https:\/\/ekobustai.lt\/index.php\/2026\/03\/17\/las-fallas-de-valencia-ispanijos-tradicijos-festivaliai-ir-kultura\/"},"modified":"2026-03-17T12:01:08","modified_gmt":"2026-03-17T12:01:08","slug":"las-fallas-de-valencia-ispanijos-tradicijos-festivaliai-ir-kultura","status":"publish","type":"post","link":"https:\/\/ekobustai.lt\/index.php\/2026\/03\/17\/las-fallas-de-valencia-ispanijos-tradicijos-festivaliai-ir-kultura\/","title":{"rendered":"Las Fallas de Valencia: Ispanijos tradicijos, festivaliai ir kult\u016bra"},"content":{"rendered":"<p><\/p>\n<div>\n<p>Kiekvien\u0105 kov\u0105 Valensijos miestas virsta muziejumi po atviru dangumi, fejerverk\u0173 scena ir giliai emocinga tapatyb\u0117s \u0161vente. <strong>Nes\u0117km\u0117s<\/strong> Tai ne tik festivalis \u2013 tai \u0161imtme\u010di\u0173 senumo tradicija, kurioje satyra, meistri\u0161kumas, bendruomen\u0117s pasidid\u017eiavimas ir ugnis derinami unikaliu valensieti\u0161ku b\u016bdu.<\/p>\n<p>U\u017esienio lankytojams ir gyventojams Las Fallas supratimas rei\u0161kia pa\u017evelgti u\u017e reginio rib\u0173 ir atrasti j\u012f palaikon\u010di\u0105 kult\u016brin\u0119 gelm\u0119.<\/p>\n<div id=\"ez-toc-container\" class=\"ez-toc-v2_0_82_2 counter-hierarchy ez-toc-counter ez-toc-grey ez-toc-container-direction\">\n<div class=\"ez-toc-title-container\">\n<p class=\"ez-toc-title\" style=\"cursor:inherit\">Turinys:<\/p>\n<span class=\"ez-toc-title-toggle\"><a href=\"#\" class=\"ez-toc-pull-right ez-toc-btn ez-toc-btn-xs ez-toc-btn-default ez-toc-toggle\" aria-label=\"Toggle Table of Content\"><span class=\"ez-toc-js-icon-con\"><span class=\"\"><span class=\"eztoc-hide\" style=\"display:none;\">Toggle<\/span><span class=\"ez-toc-icon-toggle-span\"><svg style=\"fill: #999;color:#999\" xmlns=\"http:\/\/www.w3.org\/2000\/svg\" class=\"list-377408\" width=\"20px\" height=\"20px\" viewBox=\"0 0 24 24\" fill=\"none\"><path d=\"M6 6H4v2h2V6zm14 0H8v2h12V6zM4 11h2v2H4v-2zm16 0H8v2h12v-2zM4 16h2v2H4v-2zm16 0H8v2h12v-2z\" fill=\"currentColor\"><\/path><\/svg><svg style=\"fill: #999;color:#999\" class=\"arrow-unsorted-368013\" xmlns=\"http:\/\/www.w3.org\/2000\/svg\" width=\"10px\" height=\"10px\" viewBox=\"0 0 24 24\" version=\"1.2\" baseProfile=\"tiny\"><path d=\"M18.2 9.3l-6.2-6.3-6.2 6.3c-.2.2-.3.4-.3.7s.1.5.3.7c.2.2.4.3.7.3h11c.3 0 .5-.1.7-.3.2-.2.3-.5.3-.7s-.1-.5-.3-.7zM5.8 14.7l6.2 6.3 6.2-6.3c.2-.2.3-.5.3-.7s-.1-.5-.3-.7c-.2-.2-.4-.3-.7-.3h-11c-.3 0-.5.1-.7.3-.2.2-.3.5-.3.7s.1.5.3.7z\"\/><\/svg><\/span><\/span><\/span><\/a><\/span><\/div>\n<nav><ul class='ez-toc-list ez-toc-list-level-1 ' ><li class='ez-toc-page-1 ez-toc-heading-level-2'><a class=\"ez-toc-link ez-toc-heading-1\" href=\"https:\/\/ekobustai.lt\/index.php\/2026\/03\/17\/las-fallas-de-valencia-ispanijos-tradicijos-festivaliai-ir-kultura\/#Kas_yra_Las_Fallas\" >Kas yra Las Fallas?<\/a><\/li><li class='ez-toc-page-1 ez-toc-heading-level-2'><a class=\"ez-toc-link ez-toc-heading-2\" href=\"https:\/\/ekobustai.lt\/index.php\/2026\/03\/17\/las-fallas-de-valencia-ispanijos-tradicijos-festivaliai-ir-kultura\/#Fallos_menas\" >Fallos menas<\/a><\/li><li class='ez-toc-page-1 ez-toc-heading-level-2'><a class=\"ez-toc-link ez-toc-heading-3\" href=\"https:\/\/ekobustai.lt\/index.php\/2026\/03\/17\/las-fallas-de-valencia-ispanijos-tradicijos-festivaliai-ir-kultura\/#Fejerverkai_muzika_ir_kasdieniai_ritualai\" >Fejerverkai, muzika ir kasdieniai ritualai<\/a><\/li><li class='ez-toc-page-1 ez-toc-heading-level-2'><a class=\"ez-toc-link ez-toc-heading-4\" href=\"https:\/\/ekobustai.lt\/index.php\/2026\/03\/17\/las-fallas-de-valencia-ispanijos-tradicijos-festivaliai-ir-kultura\/#Patirkite_Valensija_uz_festivalio_ribu\" >Patirkite Valensij\u0105 u\u017e festivalio rib\u0173<\/a><\/li><\/ul><\/nav><\/div>\n<h2 class=\"wp-block-heading\"><span class=\"ez-toc-section\" id=\"Kas_yra_Las_Fallas\"><\/span>Kas yra Las Fallas?<span class=\"ez-toc-section-end\"><\/span><\/h2>\n<p>\u201eLas Fallas\u201c vyksta kasmet nuo kovo 15 iki 19 d., nors pasiruo\u0161imas prasideda prie\u0161 kelis m\u0117nesius. \u0160vent\u0117 remiasi sena dailid\u017ei\u0173 tradicija \u017eiemos pabaigoje deginti medines konstrukcijas. Laikui b\u0117gant \u0161ie paprasti lau\u017eai virto \u012fmantriais meno paminklais, \u017einomais kaip <em>nes\u0117kmes<\/em> \u2014 didel\u0117s skulpt\u016brin\u0117s instaliacijos, da\u017enai satyrin\u0117s, komentuojan\u010dios politik\u0105, visuomen\u0119 ir \u0161iuolaikin\u0119 kult\u016br\u0105.<\/p>\n<p>\u0160iandien \u0161imtus \u0161i\u0173 paminkl\u0173 visame mieste stato kaimynyst\u0117s asociacijos <em>casales falleros<\/em>. Kiekvienas rajonas u\u017esako savo \u201efala\u201c, konkuruodamas d\u0117l meninio pripa\u017einimo, kartu stiprindamas stiprius bendruomen\u0117s ry\u0161ius.<\/p>\n<h2 class=\"wp-block-heading\"><span class=\"ez-toc-section\" id=\"Fallos_menas\"><\/span>Fallos menas<span class=\"ez-toc-section-end\"><\/span><\/h2>\n<p>Tikras vietinis pasakys, kad kriokliai yra daug daugiau nei spalvingos fig\u016bros. Tai meno k\u016briniai, kartais siekiantys per 20 metr\u0173 auk\u0161t\u012f, sukurti specializuot\u0173 meninink\u0173 ir dirbtuvi\u0173. Kiekviename paminkle yra kelios scenos ir persona\u017eai (<em>l\u0117l\u0117s<\/em>), kruop\u0161\u010diai sukurtas su humoru ir ironija.<\/p>\n<p>Kovo 19 d., per <em>La Crem\u00e0<\/em>beveik visos \u0161ios skulpt\u016bros padegamos per kruop\u0161\u010diai choreografuot\u0105 deginimo ceremonij\u0105. Lankytojams gali pasirodyti keista, kad tokios menin\u0117s pastangos baigiasi liepsnomis, ta\u010diau valensie\u010diams tai yra tradicijos esm\u0117: atsinaujinimas, paleidimas ir prad\u017eia i\u0161 naujo.<\/p>\n<figure class=\"wp-block-image size-full\"><\/figure>\n<h2 class=\"wp-block-heading\"><span class=\"ez-toc-section\" id=\"Fejerverkai_muzika_ir_kasdieniai_ritualai\"><\/span>Fejerverkai, muzika ir kasdieniai ritualai<span class=\"ez-toc-section-end\"><\/span><\/h2>\n<p>Nuo ankstyvo ryto iki v\u0117lyvo vakaro miestas pulsuoja energija. The <em>vyri\u0161kas<\/em>kasdienis vidurdienio fejerverkas Plaza del Ayuntamiento, skirtas ne vizualiniam reginiui, o ritmui ir garsui. Vietiniai gyventojai tai ne tik \u017ei\u016bri \u2013 jie jau\u010dia. \u017dem\u0117 virpa po kojomis, o sprogim\u0173 seka kyla kaip muzikin\u0117 kompozicija.<\/p>\n<p>Tradicin\u0117 apranga taip pat vaidina pagrindin\u012f vaidmen\u012f. Moterys d\u0117vi \u012fmantrius \u0161ilko chalatus, \u012fkv\u0117ptus XVIII a. mados, o vyrai \u2013 istoriniais Valensijos drabu\u017eiais. Vis\u0105 savait\u0119 G\u0117l\u0117s aukojamos Apleistosios Mergelei (<em>Mergel\u0117 i\u0161 bej\u0117gi\u0173<\/em>), suformuodamas did\u017eiul\u012f g\u0117li\u0173 gobelen\u0105 miesto centre.<\/p>\n<figure class=\"wp-block-image size-full\"><img loading=\"lazy\" decoding=\"async\" width=\"800\" height=\"500\" src=\"https:\/\/www.europeanrealestate.org\/blog\/wp-content\/uploads\/2026\/02\/spanish-traditions-las-fallas-1.png\" alt=\"\" class=\"wp-image-12097\" srcset=\"https:\/\/www.europeanrealestate.org\/blog\/wp-content\/uploads\/2026\/02\/spanish-traditions-las-fallas-1.png 800w, https:\/\/www.europeanrealestate.org\/blog\/wp-content\/uploads\/2026\/02\/spanish-traditions-las-fallas-1-300x188.png 300w, https:\/\/www.europeanrealestate.org\/blog\/wp-content\/uploads\/2026\/02\/spanish-traditions-las-fallas-1-768x480.png 768w\" sizes=\"auto, (max-width: 800px) 100vw, 800px\"\/><\/figure>\n<h2 class=\"wp-block-heading\"><span class=\"ez-toc-section\" id=\"Patirkite_Valensija_uz_festivalio_ribu\"><\/span>Patirkite Valensij\u0105 u\u017e festivalio rib\u0173<span class=\"ez-toc-section-end\"><\/span><\/h2>\n<p>Nors Las Fallas yra labiausiai tarptautiniu mastu pripa\u017einta Valensijos \u0161vent\u0117, ji taip pat atspindi platesn\u012f regiono gyvenimo b\u016bd\u0105: Vidur\u017eemio j\u016bros regiono gyvenim\u0105, stipri\u0105 vietin\u0119 tapatyb\u0119 ir kult\u016br\u0105, kuri vertina ir \u0161vent\u0119, ir meistri\u0161kum\u0105.<\/p>\n<p>Tiems, kurie svarsto galimyb\u0119 gyventi Valensijoje, Las Fallas supratimas yra daugiau nei \u0161ventinis anekdotas \u2013 tai leid\u017eia pa\u017evelgti \u012f socialin\u0119 miesto strukt\u016br\u0105. Tai atskleid\u017eia viet\u0105, kur tradicijos n\u0117ra saugomos u\u017e stiklo, o gyvena visaverti\u0161kai, aistringai ir kolektyviai.<\/p>\n<\/p><\/div>\n<p><a href=\"https:\/\/www.europeanrealestate.org\/blog\/las-fallas-de-valencia-spanish-traditions-festivals-culture\/\"> Nuoroda \u012f informacijos \u0161altin\u012f <\/a><\/p>\n","protected":false},"excerpt":{"rendered":"<p>Kiekvien\u0105 kov\u0105 Valensijos miestas virsta muziejumi po atviru dangumi, fejerverk\u0173 scena ir giliai emocinga tapatyb\u0117s \u0161vente. Nes\u0117km\u0117s Tai ne tik festivalis \u2013 tai \u0161imtme\u010di\u0173 senumo..<\/p>\n","protected":false},"author":1,"featured_media":686,"comment_status":"","ping_status":"","sticky":false,"template":"","format":"standard","meta":{"om_disable_all_campaigns":false,"_monsterinsights_skip_tracking":false,"_monsterinsights_sitenote_active":false,"_monsterinsights_sitenote_note":"","_monsterinsights_sitenote_category":0,"footnotes":""},"categories":[70],"tags":[1319,1322,76,1202,730,1321,1320],"class_list":["post-685","post","type-post","status-publish","format-standard","has-post-thumbnail","hentry","category-prabangus-nekilnojamas-turtas-europoje","tag-fallas","tag-festivaliai","tag-ispanijos","tag-kultura","tag-las","tag-tradicijos","tag-valencia"],"aioseo_notices":[],"_links":{"self":[{"href":"https:\/\/ekobustai.lt\/index.php\/wp-json\/wp\/v2\/posts\/685","targetHints":{"allow":["GET"]}}],"collection":[{"href":"https:\/\/ekobustai.lt\/index.php\/wp-json\/wp\/v2\/posts"}],"about":[{"href":"https:\/\/ekobustai.lt\/index.php\/wp-json\/wp\/v2\/types\/post"}],"author":[{"embeddable":true,"href":"https:\/\/ekobustai.lt\/index.php\/wp-json\/wp\/v2\/users\/1"}],"replies":[{"embeddable":true,"href":"https:\/\/ekobustai.lt\/index.php\/wp-json\/wp\/v2\/comments?post=685"}],"version-history":[{"count":0,"href":"https:\/\/ekobustai.lt\/index.php\/wp-json\/wp\/v2\/posts\/685\/revisions"}],"wp:featuredmedia":[{"embeddable":true,"href":"https:\/\/ekobustai.lt\/index.php\/wp-json\/wp\/v2\/media\/686"}],"wp:attachment":[{"href":"https:\/\/ekobustai.lt\/index.php\/wp-json\/wp\/v2\/media?parent=685"}],"wp:term":[{"taxonomy":"category","embeddable":true,"href":"https:\/\/ekobustai.lt\/index.php\/wp-json\/wp\/v2\/categories?post=685"},{"taxonomy":"post_tag","embeddable":true,"href":"https:\/\/ekobustai.lt\/index.php\/wp-json\/wp\/v2\/tags?post=685"}],"curies":[{"name":"wp","href":"https:\/\/api.w.org\/{rel}","templated":true}]}}