{"id":689,"date":"2026-04-01T12:02:35","date_gmt":"2026-04-01T12:02:35","guid":{"rendered":"https:\/\/ekobustai.lt\/index.php\/2026\/04\/01\/gyvenimas-prie-juros-isskirtiniai-pakrantes-namai\/"},"modified":"2026-04-01T12:02:35","modified_gmt":"2026-04-01T12:02:35","slug":"gyvenimas-prie-juros-isskirtiniai-pakrantes-namai","status":"publish","type":"post","link":"https:\/\/ekobustai.lt\/index.php\/2026\/04\/01\/gyvenimas-prie-juros-isskirtiniai-pakrantes-namai\/","title":{"rendered":"Gyvenimas prie j\u016bros: i\u0161skirtiniai pakrant\u0117s namai"},"content":{"rendered":"<p><\/p>\n<div>\n<p>Visoje Piet\u0173 Europoje namai su vaizdu \u012f j\u016br\u0105 yra kur kas daugiau nei i\u0161skirtin\u0117s nekilnojamojo turto vietos \u2013 jie \u012fk\u016bnija gyvenimo b\u016bd\u0105, kur\u012f formuoja \u0161viesa, kra\u0161tovaizdis ir ramyb\u0117. Nuo Vidur\u017eemio j\u016bros pakrant\u0117s Sardinijos iki graik\u0173 Rivjeros elegancijos ir rafinuot\u0173 Ispanijos krant\u0173 rezidencijos su vaizdu \u012f j\u016br\u0105 sujungia architekt\u016brin\u012f charakter\u012f ir emocin\u012f ry\u0161\u012f su gamta.<\/p>\n<p>\u0160ios savyb\u0117s iliustruoja, kaip \u0161iuolaikinis gyvenimas ir nesenstantis pakrant\u0117s peiza\u017eas.<\/p>\n<div id=\"ez-toc-container\" class=\"ez-toc-v2_0_82_2 counter-hierarchy ez-toc-counter ez-toc-grey ez-toc-container-direction\">\n<div class=\"ez-toc-title-container\">\n<p class=\"ez-toc-title\" style=\"cursor:inherit\">Turinys:<\/p>\n<span class=\"ez-toc-title-toggle\"><a href=\"#\" class=\"ez-toc-pull-right ez-toc-btn ez-toc-btn-xs ez-toc-btn-default ez-toc-toggle\" aria-label=\"Toggle Table of Content\"><span class=\"ez-toc-js-icon-con\"><span class=\"\"><span class=\"eztoc-hide\" style=\"display:none;\">Toggle<\/span><span class=\"ez-toc-icon-toggle-span\"><svg style=\"fill: #999;color:#999\" xmlns=\"http:\/\/www.w3.org\/2000\/svg\" class=\"list-377408\" width=\"20px\" height=\"20px\" viewBox=\"0 0 24 24\" fill=\"none\"><path d=\"M6 6H4v2h2V6zm14 0H8v2h12V6zM4 11h2v2H4v-2zm16 0H8v2h12v-2zM4 16h2v2H4v-2zm16 0H8v2h12v-2z\" fill=\"currentColor\"><\/path><\/svg><svg style=\"fill: #999;color:#999\" class=\"arrow-unsorted-368013\" xmlns=\"http:\/\/www.w3.org\/2000\/svg\" width=\"10px\" height=\"10px\" viewBox=\"0 0 24 24\" version=\"1.2\" baseProfile=\"tiny\"><path d=\"M18.2 9.3l-6.2-6.3-6.2 6.3c-.2.2-.3.4-.3.7s.1.5.3.7c.2.2.4.3.7.3h11c.3 0 .5-.1.7-.3.2-.2.3-.5.3-.7s-.1-.5-.3-.7zM5.8 14.7l6.2 6.3 6.2-6.3c.2-.2.3-.5.3-.7s-.1-.5-.3-.7c-.2-.2-.4-.3-.7-.3h-11c-.3 0-.5.1-.7.3-.2.2-.3.5-.3.7s.1.5.3.7z\"\/><\/svg><\/span><\/span><\/span><\/a><\/span><\/div>\n<nav><ul class='ez-toc-list ez-toc-list-level-1 ' ><li class='ez-toc-page-1 ez-toc-heading-level-2'><a class=\"ez-toc-link ez-toc-heading-1\" href=\"https:\/\/ekobustai.lt\/index.php\/2026\/04\/01\/gyvenimas-prie-juros-isskirtiniai-pakrantes-namai\/#Architekturine_harmonija_Porto_Cervo_%E2%80%93_Villa_Le_Grotte_Sardinija\" >Architekt\u016brin\u0117 harmonija Porto Cervo \u2013 Villa Le Grotte, Sardinija<\/a><\/li><li class='ez-toc-page-1 ez-toc-heading-level-2'><a class=\"ez-toc-link ez-toc-heading-2\" href=\"https:\/\/ekobustai.lt\/index.php\/2026\/04\/01\/gyvenimas-prie-juros-isskirtiniai-pakrantes-namai\/#Zen_gyvenimas_pajuryje_%E2%80%93_Siuolaikine_vila_Antiparose\" >Zen gyvenimas paj\u016bryje &#8211; \u0160iuolaikin\u0117 vila Antiparose<\/a><\/li><li class='ez-toc-page-1 ez-toc-heading-level-2'><a class=\"ez-toc-link ez-toc-heading-3\" href=\"https:\/\/ekobustai.lt\/index.php\/2026\/04\/01\/gyvenimas-prie-juros-isskirtiniai-pakrantes-namai\/#Vidurzemio_juros_komfortas_Javea_%E2%80%93_nuostabi_vila_su_vaizdu_i_jura\" >Vidur\u017eemio j\u016bros komfortas J\u00e1vea \u2013 nuostabi vila su vaizdu \u012f j\u016br\u0105<\/a><\/li><li class='ez-toc-page-1 ez-toc-heading-level-2'><a class=\"ez-toc-link ez-toc-heading-4\" href=\"https:\/\/ekobustai.lt\/index.php\/2026\/04\/01\/gyvenimas-prie-juros-isskirtiniai-pakrantes-namai\/#Bendra_Vidurzemio_juros_dvasia\" >Bendra Vidur\u017eemio j\u016bros dvasia<\/a><\/li><\/ul><\/nav><\/div>\n<h2 class=\"wp-block-heading\"><span class=\"ez-toc-section\" id=\"Architekturine_harmonija_Porto_Cervo_%E2%80%93_Villa_Le_Grotte_Sardinija\"><\/span>Architekt\u016brin\u0117 harmonija Porto Cervo \u2013 Villa Le Grotte, Sardinija<span class=\"ez-toc-section-end\"><\/span><\/h2>\n<p>Porto Cervo kalvose, <strong>Vila Le Grotte<\/strong> stovi kaip architekt\u016bros \u0161edevras, sukurtas \u017einomo architekto Savin Couelle. Su vaizdu \u012f Pevero \u012flank\u0105, vila skland\u017eiai susilieja su granito uolienomis ir Vidur\u017eemio j\u016bros augmenija, beveik i\u0161nyksta savo aplinkoje.<\/p>\n<p>Lenktos linijos, skliautuotos erdv\u0117s ir rank\u0173 darbo med\u017eiagos sukuria intymi\u0105 atmosfer\u0105, kurioje interjeras nat\u016braliai teka link pla\u010di\u0173 teras\u0173 ir begalyb\u0117s baseino, nukreipto \u012f j\u016br\u0105. Sukurtas privatumui ir apm\u0105stymams, vie\u0161butis atspindi rafinuot\u0105 Costa Smeralda gyvenimo b\u016bdo elegancij\u0105.<\/p>\n<figure class=\"wp-block-image size-full\"><\/figure>\n<p>Atraskite Villa Le Grotte, Kosta Smeralda<\/p>\n<h2 class=\"wp-block-heading\"><span class=\"ez-toc-section\" id=\"Zen_gyvenimas_pajuryje_%E2%80%93_Siuolaikine_vila_Antiparose\"><\/span>Zen gyvenimas paj\u016bryje &#8211; \u0160iuolaikin\u0117 vila Antiparose<span class=\"ez-toc-section-end\"><\/span><\/h2>\n<p>saloje <strong>Antiparos<\/strong>naujai pastatyta vila prie j\u016bros si\u016blo moderni\u0105 Graikijos sal\u0173 gyvenimo interpretacij\u0105. Prie\u0161ais Despotiko sal\u0105 esantis turtas yra suprojektuotas kaip trys nepriklausomos rezidencijos, kurios gali veikti kartu arba atskirai.<\/p>\n<p>Minimalistin\u0117 architekt\u016bra, atviros erdv\u0117s ir keli baseinai sukuria rami\u0105 atmosfer\u0105, \u012fkv\u0117pt\u0105 aplinkinio kra\u0161tovaizd\u017eio. Su devyniais miegamaisiais su atskirais vonios kambariais ir pla\u010diomis pramog\u0173 zonomis, vila atspindi did\u0117jant\u012f tarptautin\u012f \u0161ios diskreti\u0161kos Kiklad\u0173 vietov\u0117s patrauklum\u0105.<\/p>\n<figure class=\"wp-block-image size-full\"><img loading=\"lazy\" decoding=\"async\" width=\"800\" height=\"500\" src=\"https:\/\/www.europeanrealestate.org\/blog\/wp-content\/uploads\/2026\/02\/3.-Seafront-Villa-Antiparos-Ploumis-Sotiropoulos.png\" alt=\"\" class=\"wp-image-12107\" srcset=\"https:\/\/www.europeanrealestate.org\/blog\/wp-content\/uploads\/2026\/02\/3.-Seafront-Villa-Antiparos-Ploumis-Sotiropoulos.png 800w, https:\/\/www.europeanrealestate.org\/blog\/wp-content\/uploads\/2026\/02\/3.-Seafront-Villa-Antiparos-Ploumis-Sotiropoulos-300x188.png 300w, https:\/\/www.europeanrealestate.org\/blog\/wp-content\/uploads\/2026\/02\/3.-Seafront-Villa-Antiparos-Ploumis-Sotiropoulos-768x480.png 768w\" sizes=\"auto, (max-width: 800px) 100vw, 800px\"\/><\/figure>\n<p>Atraskite \u0161i\u0105 prabangi\u0105 paj\u016brio vil\u0105 Antiparose.<\/p>\n<h2 class=\"wp-block-heading\"><span class=\"ez-toc-section\" id=\"Vidurzemio_juros_komfortas_Javea_%E2%80%93_nuostabi_vila_su_vaizdu_i_jura\"><\/span>Vidur\u017eemio j\u016bros komfortas J\u00e1vea \u2013 nuostabi vila su vaizdu \u012f j\u016br\u0105<span class=\"ez-toc-section-end\"><\/span><\/h2>\n<p>I\u0161 \u0161ios atnaujintos vilos J\u00e1vea miestelyje atsiveria panoraminiai Vidur\u017eemio j\u016bros, Porticho salos ir Montgo vaizdai. Vos u\u017e keli\u0173 \u017eingsni\u0173 nuo Cala de la Barraca yra privatumas ir j\u016bros artumas.<\/p>\n<p>Dviej\u0173 lygi\u0173 namuose yra \u0161viesios gyvenamosios erdv\u0117s, moderni virtuv\u0117 ir keturi miegamieji su vaizdu \u012f j\u016br\u0105, visi atsiveria \u012f pakrant\u0119 \u012fr\u0117minan\u010dias terasas. Lauke, baseinas, vasaros virtuv\u0117, pav\u0117singos terasos ir architekt\u016briniai sodai kvie\u010dia ilgas dienas tarp saul\u0117s ir j\u016bros, su nenutr\u016bkstamais 360\u00b0 kaln\u0173 ir pakrant\u0117s vaizdais, u\u017efiksuodami atpalaiduojan\u010di\u0105 Kosta Blankos elegancij\u0105.<\/p>\n<figure class=\"wp-block-image size-full\"><img loading=\"lazy\" decoding=\"async\" width=\"800\" height=\"500\" src=\"https:\/\/www.europeanrealestate.org\/blog\/wp-content\/uploads\/2026\/02\/Villa-in-Javea-Rimontgo.png\" alt=\"\" class=\"wp-image-12108\" srcset=\"https:\/\/www.europeanrealestate.org\/blog\/wp-content\/uploads\/2026\/02\/Villa-in-Javea-Rimontgo.png 800w, https:\/\/www.europeanrealestate.org\/blog\/wp-content\/uploads\/2026\/02\/Villa-in-Javea-Rimontgo-300x188.png 300w, https:\/\/www.europeanrealestate.org\/blog\/wp-content\/uploads\/2026\/02\/Villa-in-Javea-Rimontgo-768x480.png 768w\" sizes=\"auto, (max-width: 800px) 100vw, 800px\"\/><\/figure>\n<p>\u010cia rasite daugiau informacijos apie \u0161i\u0105 Vidur\u017eemio j\u016bros vil\u0105 J\u00e1vea.<\/p>\n<h2 class=\"wp-block-heading\"><span class=\"ez-toc-section\" id=\"Bendra_Vidurzemio_juros_dvasia\"><\/span>Bendra Vidur\u017eemio j\u016bros dvasia<span class=\"ez-toc-section-end\"><\/span><\/h2>\n<p>Nepaisant skirtingos vietos, \u0161iuos namus sieja bendra filosofija: architekt\u016bra, skirta \u012fr\u0117minti j\u016br\u0105, \u0161v\u0119sti gyvenim\u0105 lauke ir priimti Vidur\u017eemio j\u016bros regiono gyvenimo ritmus.<\/p>\n<p>Nuo skulpt\u016brini\u0173 Sardinijos kra\u0161tovaizd\u017ei\u0173 iki ramaus Kiklad\u0173 minimalizmo ir saul\u0117s alsuojan\u010dios Ispanijos pakrant\u0117s \u2013 kiekviena rezidencija si\u016blo unikal\u0173 b\u016bd\u0105 patirti gyvenim\u0105 su horizontu.<\/p>\n<\/p><\/div>\n<p><a href=\"https:\/\/www.europeanrealestate.org\/blog\/living-by-the-sea-exceptional-coastal-homes\/\"> Nuoroda \u012f informacijos \u0161altin\u012f <\/a><\/p>\n","protected":false},"excerpt":{"rendered":"<p>Visoje Piet\u0173 Europoje namai su vaizdu \u012f j\u016br\u0105 yra kur kas daugiau nei i\u0161skirtin\u0117s nekilnojamojo turto vietos \u2013 jie \u012fk\u016bnija gyvenimo b\u016bd\u0105, kur\u012f formuoja \u0161viesa,..<\/p>\n","protected":false},"author":1,"featured_media":690,"comment_status":"","ping_status":"","sticky":false,"template":"","format":"standard","meta":{"om_disable_all_campaigns":false,"_monsterinsights_skip_tracking":false,"_monsterinsights_sitenote_active":false,"_monsterinsights_sitenote_note":"","_monsterinsights_sitenote_category":0,"footnotes":""},"categories":[70],"tags":[488,1325,1127,168,1326,1324],"class_list":["post-689","post","type-post","status-publish","format-standard","has-post-thumbnail","hentry","category-prabangus-nekilnojamas-turtas-europoje","tag-gyvenimas","tag-isskirtiniai","tag-juros","tag-namai","tag-pakrantes","tag-prie"],"aioseo_notices":[],"_links":{"self":[{"href":"https:\/\/ekobustai.lt\/index.php\/wp-json\/wp\/v2\/posts\/689","targetHints":{"allow":["GET"]}}],"collection":[{"href":"https:\/\/ekobustai.lt\/index.php\/wp-json\/wp\/v2\/posts"}],"about":[{"href":"https:\/\/ekobustai.lt\/index.php\/wp-json\/wp\/v2\/types\/post"}],"author":[{"embeddable":true,"href":"https:\/\/ekobustai.lt\/index.php\/wp-json\/wp\/v2\/users\/1"}],"replies":[{"embeddable":true,"href":"https:\/\/ekobustai.lt\/index.php\/wp-json\/wp\/v2\/comments?post=689"}],"version-history":[{"count":0,"href":"https:\/\/ekobustai.lt\/index.php\/wp-json\/wp\/v2\/posts\/689\/revisions"}],"wp:featuredmedia":[{"embeddable":true,"href":"https:\/\/ekobustai.lt\/index.php\/wp-json\/wp\/v2\/media\/690"}],"wp:attachment":[{"href":"https:\/\/ekobustai.lt\/index.php\/wp-json\/wp\/v2\/media?parent=689"}],"wp:term":[{"taxonomy":"category","embeddable":true,"href":"https:\/\/ekobustai.lt\/index.php\/wp-json\/wp\/v2\/categories?post=689"},{"taxonomy":"post_tag","embeddable":true,"href":"https:\/\/ekobustai.lt\/index.php\/wp-json\/wp\/v2\/tags?post=689"}],"curies":[{"name":"wp","href":"https:\/\/api.w.org\/{rel}","templated":true}]}}