{"id":703,"date":"2026-05-01T12:12:16","date_gmt":"2026-05-01T12:12:16","guid":{"rendered":"https:\/\/ekobustai.lt\/index.php\/2026\/05\/01\/savaites-turtas-istorinis-fachverkinis-namas-ciuriche\/"},"modified":"2026-05-01T12:12:16","modified_gmt":"2026-05-01T12:12:16","slug":"savaites-turtas-istorinis-fachverkinis-namas-ciuriche","status":"publish","type":"post","link":"https:\/\/ekobustai.lt\/index.php\/2026\/05\/01\/savaites-turtas-istorinis-fachverkinis-namas-ciuriche\/","title":{"rendered":"Savait\u0117s turtas: istorinis fachverkinis namas Ciuriche"},"content":{"rendered":"<p><\/p>\n<div>\n<div id=\"ez-toc-container\" class=\"ez-toc-v2_0_82_2 counter-hierarchy ez-toc-counter ez-toc-grey ez-toc-container-direction\">\n<div class=\"ez-toc-title-container\">\n<p class=\"ez-toc-title\" style=\"cursor:inherit\">Turinys:<\/p>\n<span class=\"ez-toc-title-toggle\"><a href=\"#\" class=\"ez-toc-pull-right ez-toc-btn ez-toc-btn-xs ez-toc-btn-default ez-toc-toggle\" aria-label=\"Toggle Table of Content\"><span class=\"ez-toc-js-icon-con\"><span class=\"\"><span class=\"eztoc-hide\" style=\"display:none;\">Toggle<\/span><span class=\"ez-toc-icon-toggle-span\"><svg style=\"fill: #999;color:#999\" xmlns=\"http:\/\/www.w3.org\/2000\/svg\" class=\"list-377408\" width=\"20px\" height=\"20px\" viewBox=\"0 0 24 24\" fill=\"none\"><path d=\"M6 6H4v2h2V6zm14 0H8v2h12V6zM4 11h2v2H4v-2zm16 0H8v2h12v-2zM4 16h2v2H4v-2zm16 0H8v2h12v-2z\" fill=\"currentColor\"><\/path><\/svg><svg style=\"fill: #999;color:#999\" class=\"arrow-unsorted-368013\" xmlns=\"http:\/\/www.w3.org\/2000\/svg\" width=\"10px\" height=\"10px\" viewBox=\"0 0 24 24\" version=\"1.2\" baseProfile=\"tiny\"><path d=\"M18.2 9.3l-6.2-6.3-6.2 6.3c-.2.2-.3.4-.3.7s.1.5.3.7c.2.2.4.3.7.3h11c.3 0 .5-.1.7-.3.2-.2.3-.5.3-.7s-.1-.5-.3-.7zM5.8 14.7l6.2 6.3 6.2-6.3c.2-.2.3-.5.3-.7s-.1-.5-.3-.7c-.2-.2-.4-.3-.7-.3h-11c-.3 0-.5.1-.7.3-.2.2-.3.5-.3.7s.1.5.3.7z\"\/><\/svg><\/span><\/span><\/span><\/a><\/span><\/div>\n<nav><ul class='ez-toc-list ez-toc-list-level-1 ' ><li class='ez-toc-page-1 ez-toc-heading-level-2'><a class=\"ez-toc-link ez-toc-heading-1\" href=\"https:\/\/ekobustai.lt\/index.php\/2026\/05\/01\/savaites-turtas-istorinis-fachverkinis-namas-ciuriche\/#Nesenstantis_charakteris_miesto_sirdyje\" >Nesenstantis charakteris miesto \u0161irdyje<\/a><\/li><li class='ez-toc-page-1 ez-toc-heading-level-2'><a class=\"ez-toc-link ez-toc-heading-2\" href=\"https:\/\/ekobustai.lt\/index.php\/2026\/05\/01\/savaites-turtas-istorinis-fachverkinis-namas-ciuriche\/#Dialogas_tarp_praeities_ir_dabarties\" >Dialogas tarp praeities ir dabarties<\/a><\/li><li class='ez-toc-page-1 ez-toc-heading-level-2'><a class=\"ez-toc-link ez-toc-heading-3\" href=\"https:\/\/ekobustai.lt\/index.php\/2026\/05\/01\/savaites-turtas-istorinis-fachverkinis-namas-ciuriche\/#Sukurta_lanksciam_gyvenimui\" >Sukurta lanks\u010diam gyvenimui<\/a><\/li><li class='ez-toc-page-1 ez-toc-heading-level-2'><a class=\"ez-toc-link ez-toc-heading-4\" href=\"https:\/\/ekobustai.lt\/index.php\/2026\/05\/01\/savaites-turtas-istorinis-fachverkinis-namas-ciuriche\/#Kodel_sis_turtas_issiskiria\" >Kod\u0117l \u0161is turtas i\u0161siskiria<\/a><\/li><li class='ez-toc-page-1 ez-toc-heading-level-2'><a class=\"ez-toc-link ez-toc-heading-5\" href=\"https:\/\/ekobustai.lt\/index.php\/2026\/05\/01\/savaites-turtas-istorinis-fachverkinis-namas-ciuriche\/#Unikali_galimybe_Ciuriche\" >Unikali galimyb\u0117 Ciuriche<\/a><\/li><\/ul><\/nav><\/div>\n<h2 class=\"wp-block-heading\"><span class=\"ez-toc-section\" id=\"Nesenstantis_charakteris_miesto_sirdyje\"><\/span>Nesenstantis charakteris miesto \u0161irdyje<span class=\"ez-toc-section-end\"><\/span><\/h2>\n<p>Viename i\u0161 <strong>geid\u017eiamiausiuose gyvenamuosiuose rajonuose<\/strong> Ciuriche, \u0161is nuostabus fachverkinis namas suteikia ret\u0105 galimyb\u0119 tur\u0117ti istorijos gabal\u0117l\u012f, apgalvotai pergalvot\u0105 \u0161iuolaikiniam gyvenimui. I\u0161 prad\u017ei\u0173 1812 m. pastatytas turtas i\u0161saugo savo architekt\u016brin\u012f paveld\u0105, o \u0161iuolaiki\u0161kas komfortas ir nepaprasta elegancija.<\/p>\n<p>\u012esik\u016br\u0119s ramioje ir <strong>geras susisiekimas kaimynyst\u0117je<\/strong>namuose privatumas derinamas su artumu \u2013 vis labiau ie\u0161koma pusiausvyra gyvenant mieste.<\/p>\n<h2 class=\"wp-block-heading\"><span class=\"ez-toc-section\" id=\"Dialogas_tarp_praeities_ir_dabarties\"><\/span>Dialogas tarp praeities ir dabarties<span class=\"ez-toc-section-end\"><\/span><\/h2>\n<p>Apytiksliai 211 m\u00b2 ploto keliuose auk\u0161tuose rezidencija i\u0161siskleid\u017eia per daugyb\u0119 kruop\u0161\u010diai suplanuot\u0173 gyvenam\u0173j\u0173 erdvi\u0173. Pirmame auk\u0161te yra moderni virtuv\u0117-valgomasis, kur\u012f papildo atskiras valgomasis su tradicine kokline krosnele \u2013 subtiliai primenan\u010dia nam\u0173 kilm\u0119.<\/p>\n<figure class=\"wp-block-image size-full\"><\/figure>\n<p>Vir\u0161utiniame auk\u0161te yra daugyb\u0117 universali\u0173 kambari\u0173, kuriuose yra bendros ir priva\u010dios erdv\u0117s, idealiai tinkan\u010dios \u0161eimos gyvenimui. Pal\u0117p\u0117s lygis su atviro plano i\u0161planavimu ir \u017eidiniu si\u016blo jaukesn\u012f poils\u012f, o r\u016bsyje yra papildomos funkcijos, \u012fskaitant vyno r\u016bs\u012f ir erdv\u0173 daugiafunkc\u012f kambar\u012f.<\/p>\n<figure class=\"wp-block-image size-full\"><img loading=\"lazy\" decoding=\"async\" width=\"800\" height=\"500\" src=\"https:\/\/www.europeanrealestate.org\/blog\/wp-content\/uploads\/2026\/04\/159.png\" alt=\"Istorinis karkasinis namas Ciuriche\" class=\"wp-image-12153\" srcset=\"https:\/\/www.europeanrealestate.org\/blog\/wp-content\/uploads\/2026\/04\/159.png 800w, https:\/\/www.europeanrealestate.org\/blog\/wp-content\/uploads\/2026\/04\/159-300x188.png 300w, https:\/\/www.europeanrealestate.org\/blog\/wp-content\/uploads\/2026\/04\/159-768x480.png 768w\" sizes=\"auto, (max-width: 800px) 100vw, 800px\"\/><\/figure>\n<p>Visuose namuose original\u016bs groteli\u0173 langai sukuria nuolat besikei\u010dian\u010di\u0105 nat\u016bralios \u0161viesos s\u0105veik\u0105, sustiprindami ry\u0161\u012f tarp paveldo ir \u0161iuolaikinio dizaino.<\/p>\n<p>Atraskite \u010dia \u0161\u012f turt\u0105.<\/p>\n<h2 class=\"wp-block-heading\"><span class=\"ez-toc-section\" id=\"Sukurta_lanksciam_gyvenimui\"><\/span>Sukurta lanks\u010diam gyvenimui<span class=\"ez-toc-section-end\"><\/span><\/h2>\n<p>\u0160is 8,5 kambari\u0173 turtas ypa\u010d tinka \u0161iuolaikiniam gyvenimo b\u016bdui, kuriam reikia prisitaikymo. Nesvarbu, ar tai b\u016bt\u0173 \u0161eimos gyvenamoji vieta, mi\u0161ri gyvenimo ir darbo aplinka, ar pramog\u0173 namai, i\u0161d\u0117stymas leid\u017eia \u012fvairiai interpretuoti.<\/p>\n<p>\u0160ildoma \u017eemesnio lygio erdv\u0117 \u2013 idealiai tinka kaip treniruokli\u0173 zona, studija ar biuras \u2013 dar labiau padidina nam\u0173 universalum\u0105, o privati \u200b\u200bsodo poilsio zona suteikia ram\u0173 gyvenamosios erdv\u0117s i\u0161pl\u0117tim\u0105 lauke.<\/p>\n<h2 class=\"wp-block-heading\"><span class=\"ez-toc-section\" id=\"Kodel_sis_turtas_issiskiria\"><\/span>Kod\u0117l \u0161is turtas i\u0161siskiria<span class=\"ez-toc-section-end\"><\/span><\/h2>\n<p>\u0160i\u0105 rezidencij\u0105 apib\u016bdina ne tik jos istorija, bet ir tai, kaip ji buvo i\u0161saugota ir i\u0161auk\u0161tinta. Kruop\u0161tus atnaujinimas gerbia originalios strukt\u016bros autenti\u0161kum\u0105, tuo pa\u010diu \u012fvedant \u0161varias linijas, rafinuotas med\u017eiagas ir nesenstan\u010di\u0105 interjero estetik\u0105.<\/p>\n<p>Rinkoje, kurioje da\u017enai dominuoja nauji \u012fvykiai, tokios savyb\u0117s si\u016blo vis re\u010diau: charakter\u012f, gyl\u012f ir ap\u010diuopiam\u0105 vietos poj\u016bt\u012f.<\/p>\n<figure class=\"wp-block-image size-full\"><img loading=\"lazy\" decoding=\"async\" width=\"800\" height=\"500\" src=\"https:\/\/www.europeanrealestate.org\/blog\/wp-content\/uploads\/2026\/04\/157.png\" alt=\"Istorinis karkasinis namas Ciuriche\" class=\"wp-image-12156\" srcset=\"https:\/\/www.europeanrealestate.org\/blog\/wp-content\/uploads\/2026\/04\/157.png 800w, https:\/\/www.europeanrealestate.org\/blog\/wp-content\/uploads\/2026\/04\/157-300x188.png 300w, https:\/\/www.europeanrealestate.org\/blog\/wp-content\/uploads\/2026\/04\/157-768x480.png 768w\" sizes=\"auto, (max-width: 800px) 100vw, 800px\"\/><\/figure>\n<h2 class=\"wp-block-heading\"><span class=\"ez-toc-section\" id=\"Unikali_galimybe_Ciuriche\"><\/span>Unikali galimyb\u0117 Ciuriche<span class=\"ez-toc-section-end\"><\/span><\/h2>\n<p>Ciuricho nekilnojamojo turto kra\u0161tovaizd\u012f apib\u016bdina ribotas prieinamumas ir didel\u0117 paklausa, ypa\u010d nekilnojamojo turto, kuriame istorin\u0117 reik\u0161m\u0117 derinama su \u0161iuolaikiniais standartais. \u0160is fachverkinis namas yra \u012ftikinamas tos pusiausvyros pavyzdys \u2013 namai, kurie pasakoja istorij\u0105 ir palaiko \u0161iuolaikin\u012f gyvenim\u0105.<\/p>\n<p>Pirk\u0117jams, ie\u0161kantiems ne tik gyvenamosios vietos, bet ir prasmingo ry\u0161io su architekt\u016bra ir istorija, \u0161is turtas yra tikrai i\u0161skirtin\u0117 galimyb\u0117.<\/p>\n<\/p><\/div>\n<p><a href=\"https:\/\/www.europeanrealestate.org\/blog\/property-of-the-week-a-historic-half-timbered-house-in-zurich\/\"> Nuoroda \u012f informacijos \u0161altin\u012f <\/a><\/p>\n","protected":false},"excerpt":{"rendered":"<p>Nesenstantis charakteris miesto \u0161irdyje Viename i\u0161 geid\u017eiamiausiuose gyvenamuosiuose rajonuose Ciuriche, \u0161is nuostabus fachverkinis namas suteikia ret\u0105 galimyb\u0119 tur\u0117ti istorijos gabal\u0117l\u012f, apgalvotai pergalvot\u0105 \u0161iuolaikiniam gyvenimui. I\u0161..<\/p>\n","protected":false},"author":1,"featured_media":704,"comment_status":"","ping_status":"","sticky":false,"template":"","format":"standard","meta":{"om_disable_all_campaigns":false,"_monsterinsights_skip_tracking":false,"_monsterinsights_sitenote_active":false,"_monsterinsights_sitenote_note":"","_monsterinsights_sitenote_category":0,"footnotes":""},"categories":[70],"tags":[1341,1340,1266,321,1264,102],"class_list":["post-703","post","type-post","status-publish","format-standard","has-post-thumbnail","hentry","category-prabangus-nekilnojamas-turtas-europoje","tag-ciuriche","tag-fachverkinis","tag-istorinis","tag-namas","tag-savaites","tag-turtas"],"aioseo_notices":[],"_links":{"self":[{"href":"https:\/\/ekobustai.lt\/index.php\/wp-json\/wp\/v2\/posts\/703","targetHints":{"allow":["GET"]}}],"collection":[{"href":"https:\/\/ekobustai.lt\/index.php\/wp-json\/wp\/v2\/posts"}],"about":[{"href":"https:\/\/ekobustai.lt\/index.php\/wp-json\/wp\/v2\/types\/post"}],"author":[{"embeddable":true,"href":"https:\/\/ekobustai.lt\/index.php\/wp-json\/wp\/v2\/users\/1"}],"replies":[{"embeddable":true,"href":"https:\/\/ekobustai.lt\/index.php\/wp-json\/wp\/v2\/comments?post=703"}],"version-history":[{"count":0,"href":"https:\/\/ekobustai.lt\/index.php\/wp-json\/wp\/v2\/posts\/703\/revisions"}],"wp:featuredmedia":[{"embeddable":true,"href":"https:\/\/ekobustai.lt\/index.php\/wp-json\/wp\/v2\/media\/704"}],"wp:attachment":[{"href":"https:\/\/ekobustai.lt\/index.php\/wp-json\/wp\/v2\/media?parent=703"}],"wp:term":[{"taxonomy":"category","embeddable":true,"href":"https:\/\/ekobustai.lt\/index.php\/wp-json\/wp\/v2\/categories?post=703"},{"taxonomy":"post_tag","embeddable":true,"href":"https:\/\/ekobustai.lt\/index.php\/wp-json\/wp\/v2\/tags?post=703"}],"curies":[{"name":"wp","href":"https:\/\/api.w.org\/{rel}","templated":true}]}}